{"id":2024,"date":"2024-03-27T01:07:13","date_gmt":"2024-03-27T00:07:13","guid":{"rendered":"https:\/\/www.cerclesuissejapon.ch\/wordpress\/?p=2024"},"modified":"2024-04-15T12:21:40","modified_gmt":"2024-04-15T11:21:40","slug":"avant-premiere-dun-film-prime","status":"publish","type":"post","link":"https:\/\/www.cerclesuissejapon.ch\/wordpress\/avant-premiere-dun-film-prime\/","title":{"rendered":"15.04.2024 &#8211; Avant-premi\u00e8re d&rsquo;un film prim\u00e9"},"content":{"rendered":"<p>[et_pb_section fb_built=\u00a0\u00bb1&Prime; _builder_version=\u00a0\u00bb4.14.7&Prime; custom_padding=\u00a0\u00bb29px|||||\u00a0\u00bb global_colors_info=\u00a0\u00bb{}\u00a0\u00bb][et_pb_row _builder_version=\u00a0\u00bb4.14.7&Prime; background_size=\u00a0\u00bbinitial\u00a0\u00bb background_position=\u00a0\u00bbtop_left\u00a0\u00bb background_repeat=\u00a0\u00bbrepeat\u00a0\u00bb global_colors_info=\u00a0\u00bb{}\u00a0\u00bb][et_pb_column type=\u00a0\u00bb4_4&Prime; _builder_version=\u00a0\u00bb3.25&Prime; custom_padding=\u00a0\u00bb|||\u00a0\u00bb global_colors_info=\u00a0\u00bb{}\u00a0\u00bb custom_padding__hover=\u00a0\u00bb|||\u00a0\u00bb][et_pb_text _builder_version=\u00a0\u00bb4.14.7&Prime; _module_preset=\u00a0\u00bbdefault\u00a0\u00bb custom_margin=\u00a0\u00bb0px||0px||false|false\u00a0\u00bb custom_padding=\u00a0\u00bb0px||||false|false\u00a0\u00bb global_colors_info=\u00a0\u00bb{}\u00a0\u00bb]<\/p>\n<div dir=\"ltr\" style=\"text-align: center;\"><span>Manifestation r\u00e9serv\u00e9e aux membre du CSJ<\/span><\/div>\n<p>[\/et_pb_text][et_pb_divider show_divider=\u00a0\u00bboff\u00a0\u00bb _builder_version=\u00a0\u00bb4.14.7&Prime; _module_preset=\u00a0\u00bbdefault\u00a0\u00bb global_colors_info=\u00a0\u00bb{}\u00a0\u00bb][\/et_pb_divider][et_pb_image src=\u00a0\u00bbhttps:\/\/www.cerclesuissejapon.ch\/wordpress\/wp-content\/uploads\/2024\/03\/affiche-film-avantpremiere-LeMalnExistePas.webp\u00a0\u00bb alt=\u00a0\u00bbTasse de th\u00e9 vert japonais\u00a0\u00bb title_text=\u00a0\u00bbaffiche-film-avantpremiere-LeMalnExistePas\u00a0\u00bb _builder_version=\u00a0\u00bb4.14.7&Prime; _module_preset=\u00a0\u00bbdefault\u00a0\u00bb global_colors_info=\u00a0\u00bb{}\u00a0\u00bb][\/et_pb_image][\/et_pb_column][\/et_pb_row][et_pb_row _builder_version=\u00a0\u00bb4.14.7&Prime; _module_preset=\u00a0\u00bbdefault\u00a0\u00bb custom_padding=\u00a0\u00bb10px|||||\u00a0\u00bb global_colors_info=\u00a0\u00bb{}\u00a0\u00bb][et_pb_column type=\u00a0\u00bb4_4&Prime; _builder_version=\u00a0\u00bb4.14.7&Prime; _module_preset=\u00a0\u00bbdefault\u00a0\u00bb global_colors_info=\u00a0\u00bb{}\u00a0\u00bb][et_pb_text _builder_version=\u00a0\u00bb4.14.7&Prime; _module_preset=\u00a0\u00bbdefault\u00a0\u00bb custom_margin=\u00a0\u00bb0px||0px||false|false\u00a0\u00bb custom_padding=\u00a0\u00bb0px||||false|false\u00a0\u00bb global_colors_info=\u00a0\u00bb{}\u00a0\u00bb]<\/p>\n<div dir=\"ltr\">Ch\u00e8res et chers amis du Cercle Suisse Japon,<\/div>\n<p>[\/et_pb_text][et_pb_divider show_divider=\u00a0\u00bboff\u00a0\u00bb _builder_version=\u00a0\u00bb4.14.7&Prime; _module_preset=\u00a0\u00bbdefault\u00a0\u00bb global_colors_info=\u00a0\u00bb{}\u00a0\u00bb][\/et_pb_divider][et_pb_text _builder_version=\u00a0\u00bb4.14.7&Prime; _module_preset=\u00a0\u00bbdefault\u00a0\u00bb custom_margin=\u00a0\u00bb0px||0px||false|false\u00a0\u00bb custom_padding=\u00a0\u00bb0px||||false|false\u00a0\u00bb global_colors_info=\u00a0\u00bb{}\u00a0\u00bb]<\/p>\n<div dir=\"ltr\" style=\"text-align: justify;\">\n<p class=\"p1\" style=\"text-align: justify;\"><span>Nous avons une bonne nouvelle \u00e0 vous annoncer ! <strong>Cineworx <\/strong>\u00e0 B\u00e2le, un distributeur de films, nous a propos\u00e9 de collaborer pour organiser une <strong>avant-premi\u00e8re<\/strong> du film <strong>\u00ab <em>Le mal n\u2019existe pas <\/em>\u00bb<\/strong>, r\u00e9alis\u00e9 par<strong> Ryusuke Hamaguchi<\/strong>. Ce film a \u00e9t\u00e9 r\u00e9compens\u00e9 du Lion d\u2019Argent de La Mostra de Venise, ainsi que du Grand Prix du Jury (2023). Vous avez peut-\u00eatre d\u00e9j\u00e0 vu son film pr\u00e9c\u00e9dent, \u00ab <em>Drive my car<\/em> \u00bb, qui a \u00e9galement remport\u00e9 le Prix du sc\u00e9nario du Festival de Cannes (2021) et l\u2019Oscar du meilleur film international (2022).\u00a0<\/span><\/p>\n<\/div>\n<p>[\/et_pb_text][et_pb_divider show_divider=\u00a0\u00bboff\u00a0\u00bb _builder_version=\u00a0\u00bb4.14.7&Prime; _module_preset=\u00a0\u00bbdefault\u00a0\u00bb global_colors_info=\u00a0\u00bb{}\u00a0\u00bb][\/et_pb_divider][et_pb_text _builder_version=\u00a0\u00bb4.14.7&Prime; _module_preset=\u00a0\u00bbdefault\u00a0\u00bb custom_margin=\u00a0\u00bb0px||0px||false|false\u00a0\u00bb custom_padding=\u00a0\u00bb0px||||false|false\u00a0\u00bb global_colors_info=\u00a0\u00bb{}\u00a0\u00bb]<\/p>\n<div dir=\"ltr\" style=\"text-align: justify;\">\n<h2 class=\"Corps\" style=\"text-align: justify;\"><strong><span style=\"font-family: 'Arial',sans-serif;\">Synopsis<\/span><\/strong><\/h2>\n<\/div>\n<p>[\/et_pb_text][et_pb_text _builder_version=\u00a0\u00bb4.14.7&Prime; _module_preset=\u00a0\u00bbdefault\u00a0\u00bb custom_margin=\u00a0\u00bb0px||0px||false|false\u00a0\u00bb custom_padding=\u00a0\u00bb0px||||false|false\u00a0\u00bb global_colors_info=\u00a0\u00bb{}\u00a0\u00bb]<\/p>\n<div dir=\"ltr\" style=\"text-align: justify;\">\n<p><em>Takumi et sa fille vivent dans la campagne japonaise. Comme les g\u00e9n\u00e9rations qui les ont pr\u00e9c\u00e9d\u00e9s, ils m\u00e8nent une vie modeste en respectant les cycles et l\u2019ordre de la nature. Un jour, des repr\u00e9sentants d\u2019une entreprise de Tokyo arrivent au village pour pr\u00e9senter le projet d\u2019un site de \u00ab glamping \u00bb qui a pour ambition d\u2019offrir aux citadins la possibilit\u00e9 de s\u2019\u00e9vader de mani\u00e8re confortable dans la nature. Il devient \u00e9vident que ce projet aura un impact n\u00e9gatif sur le village et l\u2019environnement, avec des cons\u00e9quences qui pourraient profond\u00e9ment affecter la vie de Takumi et des siens.<\/em><\/p>\n<\/div>\n<p>[\/et_pb_text][et_pb_divider show_divider=\u00a0\u00bboff\u00a0\u00bb _builder_version=\u00a0\u00bb4.14.7&Prime; _module_preset=\u00a0\u00bbdefault\u00a0\u00bb global_colors_info=\u00a0\u00bb{}\u00a0\u00bb][\/et_pb_divider][et_pb_text _builder_version=\u00a0\u00bb4.14.7&Prime; _module_preset=\u00a0\u00bbdefault\u00a0\u00bb custom_margin=\u00a0\u00bb0px||0px||false|false\u00a0\u00bb custom_padding=\u00a0\u00bb0px||||false|false\u00a0\u00bb global_colors_info=\u00a0\u00bb{}\u00a0\u00bb]<\/p>\n<div dir=\"ltr\" style=\"text-align: justify;\">\n<h2 class=\"Corps\" style=\"text-align: justify;\"><strong><span style=\"font-family: 'Arial',sans-serif;\">Informations<\/span><\/strong><\/h2>\n<\/div>\n<p>[\/et_pb_text][et_pb_text _builder_version=\u00a0\u00bb4.14.7&Prime; _module_preset=\u00a0\u00bbdefault\u00a0\u00bb custom_margin=\u00a0\u00bb0px||0px||false|false\u00a0\u00bb custom_padding=\u00a0\u00bb0px||||false|false\u00a0\u00bb global_colors_info=\u00a0\u00bb{}\u00a0\u00bb]<\/p>\n<div dir=\"ltr\" style=\"text-align: justify;\">\n<p>Nous vous invitons \u00e0 d\u00e9couvrir cette histoire tout en finesse \u00e9voquant les instincts humains devant la nature myst\u00e9rieuse. Il y aura une discussion apr\u00e8s la projection.<\/p>\n<p>\u00c0 cette occasion sp\u00e9ciale, les membres de notre association ainsi que deux accompagnants (\u00e0 partir de 12 ans) b\u00e9n\u00e9ficieront d\u2019un tarif sp\u00e9cial de <strong>13.- Frs<\/strong>.<\/p>\n<\/div>\n<p>[\/et_pb_text][et_pb_divider show_divider=\u00a0\u00bboff\u00a0\u00bb _builder_version=\u00a0\u00bb4.14.7&Prime; _module_preset=\u00a0\u00bbdefault\u00a0\u00bb global_colors_info=\u00a0\u00bb{}\u00a0\u00bb][\/et_pb_divider][et_pb_text _builder_version=\u00a0\u00bb4.14.7&Prime; _module_preset=\u00a0\u00bbdefault\u00a0\u00bb custom_margin=\u00a0\u00bb||-1px|||\u00a0\u00bb hover_enabled=\u00a0\u00bb0&Prime; global_colors_info=\u00a0\u00bb{}\u00a0\u00bb sticky_enabled=\u00a0\u00bb0&Prime;]<\/p>\n<div dir=\"ltr\">\n<div dir=\"ltr\">\n<div dir=\"ltr\">\n<div dir=\"ltr\">\n<p class=\"Corps\" style=\"text-align: justify;\"><strong><span class=\"Aucun\"><span style=\"font-family: 'Arial',sans-serif;\">Lieu<\/span><\/span><\/strong><span style=\"font-family: 'Arial',sans-serif;\"><strong> <\/strong>: Cin\u00e9ma Path\u00e9 Galeries \u00e0 Lausanne<\/span><\/p>\n<p class=\"Corps\" style=\"text-align: justify;\"><strong><span class=\"Aucun\"><span style=\"font-family: 'Arial',sans-serif;\">Date<\/span><\/span><\/strong><span style=\"font-family: 'Arial',sans-serif;\"><strong> <\/strong>: <strong>Lundi 15 avril 2024<\/strong><\/span><\/p>\n<p class=\"Corps\" style=\"text-align: justify;\"><strong><span class=\"Aucun\"><span style=\"font-family: 'Arial',sans-serif;\">Heure<\/span><\/span><\/strong><span style=\"font-family: 'Arial',sans-serif;\"><strong> <\/strong>: 18:45 (film 106min. + discussion)<\/span><\/p>\n<p class=\"Corps\" style=\"text-align: justify;\"><strong><span class=\"Aucun\"><span style=\"font-family: 'Arial',sans-serif;\">Inscription<\/span><\/span><\/strong><span style=\"font-family: 'Arial',sans-serif;\"><strong> (<\/strong><\/span><span style=\"color: #ba372a;\"><strong><span style=\"font-family: 'Arial',sans-serif;\">D\u00e9lai jusqu&rsquo;au 14 avril 2024<span style=\"color: #000000;\">) :<\/span><\/span><\/strong><\/span><\/p>\n<p class=\"Corps\" style=\"text-align: justify;\"><span style=\"color: #ba372a;\"><strong><span style=\"font-family: 'Arial',sans-serif;\"><span style=\"color: #000000;\"><span>(\u00c9v\u00e9nement complet &#8211; plus de places disponibles)<\/span><\/span><\/span><\/strong><\/span><\/p>\n<ul>\n<li style=\"list-style-type: none;\">\n<ul>\n<li class=\"Corps\" style=\"text-align: justify;\"><a href=\"mailto:tmurano@cerclesuissejapon.ch\"><span style=\"font-family: 'Arial',sans-serif;\">comite@cerclesuissejapon.ch<\/span><\/a><\/li>\n<li><strong>Valid\u00e9e par le paiement <\/strong>(QR code ci-dessous ou IBAN)<\/li>\n<\/ul>\n<\/li>\n<\/ul>\n<p><span style=\"color: #ba372a;\"><span style=\"font-family: 'Arial',sans-serif;\"><span style=\"color: #000000;\"><span>Nous vous remercions pour votre compr\u00e9hension et votre int\u00e9r\u00eat pour nos \u00e9v\u00e9nements.<\/span><\/span><\/span><\/span><\/p>\n<\/div>\n<\/div>\n<\/div>\n<\/div>\n<p>[\/et_pb_text][et_pb_divider show_divider=\u00a0\u00bboff\u00a0\u00bb _builder_version=\u00a0\u00bb4.14.7&Prime; _module_preset=\u00a0\u00bbdefault\u00a0\u00bb global_colors_info=\u00a0\u00bb{}\u00a0\u00bb][\/et_pb_divider][et_pb_text _builder_version=\u00a0\u00bb4.14.7&Prime; background_size=\u00a0\u00bbinitial\u00a0\u00bb background_position=\u00a0\u00bbtop_left\u00a0\u00bb background_repeat=\u00a0\u00bbrepeat\u00a0\u00bb global_colors_info=\u00a0\u00bb{}\u00a0\u00bb]<\/p>\n<table border=\"1\" style=\"border-collapse: collapse; width: 67.9448%; height: 96px;\">\n<tbody>\n<tr style=\"height: 24px;\">\n<td style=\"width: 49.8175%; height: 24px; text-align: left;\">Cercle Suisse Japon<\/td>\n<td style=\"width: 49.8175%; height: 24px; text-align: left;\">17-721689-5<\/td>\n<\/tr>\n<tr style=\"height: 24px;\">\n<td style=\"width: 49.8175%; height: 24px; text-align: left;\">IBAN<\/td>\n<td style=\"width: 49.8175%; height: 24px; text-align: left;\">CH55 0900 0000 1772 1689 5<\/td>\n<\/tr>\n<tr style=\"height: 24px;\">\n<td style=\"width: 49.8175%; height: 24px; text-align: left;\">BIC<\/td>\n<td style=\"width: 49.8175%; height: 24px; text-align: left;\">POFICHBEXXX<\/td>\n<\/tr>\n<tr style=\"height: 24px;\">\n<td style=\"width: 49.8175%; height: 24px; text-align: left;\">Code postal<\/td>\n<td style=\"width: 49.8175%; height: 24px; text-align: left;\">1164 Buchillon<\/td>\n<\/tr>\n<\/tbody>\n<\/table>\n<figure class=\"wp-block-image size-full is-resized\"><a href=\"https:\/\/i0.wp.com\/www.cerclesuissejapon.ch\/wordpress\/wp-content\/uploads\/2023\/08\/Screenshot-2023-08-28-at-18.42.18.png?ssl=1\"><img data-recalc-dims=\"1\" loading=\"lazy\" decoding=\"async\" width=\"442\" height=\"470\" src=\"https:\/\/i0.wp.com\/www.cerclesuissejapon.ch\/wordpress\/wp-content\/uploads\/2023\/08\/Screenshot-2023-08-28-at-18.42.18.png?resize=442%2C470&#038;ssl=1\" alt=\"\" class=\"wp-image-1870\" style=\"width: 198px; height: auto;\" srcset=\"https:\/\/i0.wp.com\/www.cerclesuissejapon.ch\/wordpress\/wp-content\/uploads\/2023\/08\/Screenshot-2023-08-28-at-18.42.18.png?w=442&amp;ssl=1 442w, https:\/\/i0.wp.com\/www.cerclesuissejapon.ch\/wordpress\/wp-content\/uploads\/2023\/08\/Screenshot-2023-08-28-at-18.42.18.png?resize=282%2C300&amp;ssl=1 282w\" sizes=\"auto, (max-width: 442px) 100vw, 442px\" \/><\/a><\/figure>\n<p><!-- \/divi:image --><\/p>\n<p>[\/et_pb_text][et_pb_text _builder_version=\u00a0\u00bb4.14.7&Prime; _module_preset=\u00a0\u00bbdefault\u00a0\u00bb global_colors_info=\u00a0\u00bb{}\u00a0\u00bb]<\/p>\n<p>En vous souhaitant de joyeuses f\u00eates de P\u00e2ques, nous nous r\u00e9jouissons de vous y retrouver !<\/p>\n<p>[\/et_pb_text][\/et_pb_column][\/et_pb_row][\/et_pb_section]<\/p>\n","protected":false},"excerpt":{"rendered":"<p>Manifestation r\u00e9serv\u00e9e aux membre du CSJCh\u00e8res et chers amis du Cercle Suisse Japon, Nous avons une bonne nouvelle \u00e0 vous annoncer ! Cineworx \u00e0 B\u00e2le, un distributeur de films, nous a propos\u00e9 de collaborer pour organiser une avant-premi\u00e8re du film \u00ab Le mal n\u2019existe pas \u00bb, r\u00e9alis\u00e9 par Ryusuke Hamaguchi. Ce film a \u00e9t\u00e9 r\u00e9compens\u00e9 [&hellip;]<\/p>\n","protected":false},"author":6,"featured_media":0,"comment_status":"closed","ping_status":"open","sticky":false,"template":"","format":"standard","meta":{"_et_pb_use_builder":"on","_et_pb_old_content":"","_et_gb_content_width":"","_crdt_document":"","ngg_post_thumbnail":0,"_jetpack_memberships_contains_paid_content":false,"footnotes":""},"categories":[4],"tags":[],"class_list":["post-2024","post","type-post","status-publish","format-standard","hentry","category-activites"],"yoast_head":"<!-- This site is optimized with the Yoast SEO plugin v27.5 - https:\/\/yoast.com\/product\/yoast-seo-wordpress\/ -->\n<title>15.04.2024 - Avant-premi\u00e8re d&#039;un film prim\u00e9 - Cercle Suisse Japon<\/title>\n<meta name=\"robots\" content=\"index, follow, max-snippet:-1, max-image-preview:large, max-video-preview:-1\" \/>\n<link rel=\"canonical\" href=\"https:\/\/www.cerclesuissejapon.ch\/wordpress\/avant-premiere-dun-film-prime\/\" \/>\n<meta property=\"og:locale\" content=\"fr_FR\" \/>\n<meta property=\"og:type\" content=\"article\" \/>\n<meta property=\"og:title\" content=\"15.04.2024 - Avant-premi\u00e8re d&#039;un film prim\u00e9 - Cercle Suisse Japon\" \/>\n<meta property=\"og:description\" content=\"Manifestation r\u00e9serv\u00e9e aux membre du CSJCh\u00e8res et chers amis du Cercle Suisse Japon, Nous avons une bonne nouvelle \u00e0 vous annoncer ! Cineworx \u00e0 B\u00e2le, un distributeur de films, nous a propos\u00e9 de collaborer pour organiser une avant-premi\u00e8re du film \u00ab Le mal n\u2019existe pas \u00bb, r\u00e9alis\u00e9 par Ryusuke Hamaguchi. Ce film a \u00e9t\u00e9 r\u00e9compens\u00e9 [&hellip;]\" \/>\n<meta property=\"og:url\" content=\"https:\/\/www.cerclesuissejapon.ch\/wordpress\/avant-premiere-dun-film-prime\/\" \/>\n<meta property=\"og:site_name\" content=\"Cercle Suisse Japon\" \/>\n<meta property=\"article:publisher\" content=\"https:\/\/www.facebook.com\/CercleSuisseJaponCSJ\/\" \/>\n<meta property=\"article:published_time\" content=\"2024-03-27T00:07:13+00:00\" \/>\n<meta property=\"article:modified_time\" content=\"2024-04-15T11:21:40+00:00\" \/>\n<meta property=\"og:image\" content=\"https:\/\/www.cerclesuissejapon.ch\/wordpress\/wp-content\/uploads\/2023\/08\/Screenshot-2023-08-28-at-18.42.18.png\" \/>\n<meta name=\"author\" content=\"Antoine Uldry\" \/>\n<meta name=\"twitter:card\" content=\"summary_large_image\" \/>\n<meta name=\"twitter:label1\" content=\"\u00c9crit par\" \/>\n\t<meta name=\"twitter:data1\" content=\"Antoine Uldry\" \/>\n\t<meta name=\"twitter:label2\" content=\"Dur\u00e9e de lecture estim\u00e9e\" \/>\n\t<meta name=\"twitter:data2\" content=\"3 minutes\" \/>\n<script type=\"application\/ld+json\" class=\"yoast-schema-graph\">{\"@context\":\"https:\\\/\\\/schema.org\",\"@graph\":[{\"@type\":\"Article\",\"@id\":\"https:\\\/\\\/www.cerclesuissejapon.ch\\\/wordpress\\\/avant-premiere-dun-film-prime\\\/#article\",\"isPartOf\":{\"@id\":\"https:\\\/\\\/www.cerclesuissejapon.ch\\\/wordpress\\\/avant-premiere-dun-film-prime\\\/\"},\"author\":{\"name\":\"Antoine Uldry\",\"@id\":\"https:\\\/\\\/www.cerclesuissejapon.ch\\\/wordpress\\\/#\\\/schema\\\/person\\\/935644a5e455670c51148e9960f71ea0\"},\"headline\":\"15.04.2024 &#8211; Avant-premi\u00e8re d&rsquo;un film prim\u00e9\",\"datePublished\":\"2024-03-27T00:07:13+00:00\",\"dateModified\":\"2024-04-15T11:21:40+00:00\",\"mainEntityOfPage\":{\"@id\":\"https:\\\/\\\/www.cerclesuissejapon.ch\\\/wordpress\\\/avant-premiere-dun-film-prime\\\/\"},\"wordCount\":824,\"publisher\":{\"@id\":\"https:\\\/\\\/www.cerclesuissejapon.ch\\\/wordpress\\\/#organization\"},\"image\":{\"@id\":\"https:\\\/\\\/www.cerclesuissejapon.ch\\\/wordpress\\\/avant-premiere-dun-film-prime\\\/#primaryimage\"},\"thumbnailUrl\":\"https:\\\/\\\/www.cerclesuissejapon.ch\\\/wordpress\\\/wp-content\\\/uploads\\\/2023\\\/08\\\/Screenshot-2023-08-28-at-18.42.18.png\",\"articleSection\":[\"Activit\u00e9s\"],\"inLanguage\":\"fr-FR\"},{\"@type\":\"WebPage\",\"@id\":\"https:\\\/\\\/www.cerclesuissejapon.ch\\\/wordpress\\\/avant-premiere-dun-film-prime\\\/\",\"url\":\"https:\\\/\\\/www.cerclesuissejapon.ch\\\/wordpress\\\/avant-premiere-dun-film-prime\\\/\",\"name\":\"15.04.2024 - Avant-premi\u00e8re d'un film prim\u00e9 - Cercle Suisse Japon\",\"isPartOf\":{\"@id\":\"https:\\\/\\\/www.cerclesuissejapon.ch\\\/wordpress\\\/#website\"},\"primaryImageOfPage\":{\"@id\":\"https:\\\/\\\/www.cerclesuissejapon.ch\\\/wordpress\\\/avant-premiere-dun-film-prime\\\/#primaryimage\"},\"image\":{\"@id\":\"https:\\\/\\\/www.cerclesuissejapon.ch\\\/wordpress\\\/avant-premiere-dun-film-prime\\\/#primaryimage\"},\"thumbnailUrl\":\"https:\\\/\\\/www.cerclesuissejapon.ch\\\/wordpress\\\/wp-content\\\/uploads\\\/2023\\\/08\\\/Screenshot-2023-08-28-at-18.42.18.png\",\"datePublished\":\"2024-03-27T00:07:13+00:00\",\"dateModified\":\"2024-04-15T11:21:40+00:00\",\"breadcrumb\":{\"@id\":\"https:\\\/\\\/www.cerclesuissejapon.ch\\\/wordpress\\\/avant-premiere-dun-film-prime\\\/#breadcrumb\"},\"inLanguage\":\"fr-FR\",\"potentialAction\":[{\"@type\":\"ReadAction\",\"target\":[\"https:\\\/\\\/www.cerclesuissejapon.ch\\\/wordpress\\\/avant-premiere-dun-film-prime\\\/\"]}]},{\"@type\":\"ImageObject\",\"inLanguage\":\"fr-FR\",\"@id\":\"https:\\\/\\\/www.cerclesuissejapon.ch\\\/wordpress\\\/avant-premiere-dun-film-prime\\\/#primaryimage\",\"url\":\"https:\\\/\\\/i0.wp.com\\\/www.cerclesuissejapon.ch\\\/wordpress\\\/wp-content\\\/uploads\\\/2023\\\/08\\\/Screenshot-2023-08-28-at-18.42.18.png?fit=442%2C470&ssl=1\",\"contentUrl\":\"https:\\\/\\\/i0.wp.com\\\/www.cerclesuissejapon.ch\\\/wordpress\\\/wp-content\\\/uploads\\\/2023\\\/08\\\/Screenshot-2023-08-28-at-18.42.18.png?fit=442%2C470&ssl=1\",\"width\":442,\"height\":470},{\"@type\":\"BreadcrumbList\",\"@id\":\"https:\\\/\\\/www.cerclesuissejapon.ch\\\/wordpress\\\/avant-premiere-dun-film-prime\\\/#breadcrumb\",\"itemListElement\":[{\"@type\":\"ListItem\",\"position\":1,\"name\":\"Accueil\",\"item\":\"https:\\\/\\\/www.cerclesuissejapon.ch\\\/wordpress\\\/\"},{\"@type\":\"ListItem\",\"position\":2,\"name\":\"15.04.2024 &#8211; Avant-premi\u00e8re d&rsquo;un film prim\u00e9\"}]},{\"@type\":\"WebSite\",\"@id\":\"https:\\\/\\\/www.cerclesuissejapon.ch\\\/wordpress\\\/#website\",\"url\":\"https:\\\/\\\/www.cerclesuissejapon.ch\\\/wordpress\\\/\",\"name\":\"Cercle Suisse Japon\",\"description\":\"Actualit\u00e9s du Cercle Suisse Japon en Suisse romande\",\"publisher\":{\"@id\":\"https:\\\/\\\/www.cerclesuissejapon.ch\\\/wordpress\\\/#organization\"},\"potentialAction\":[{\"@type\":\"SearchAction\",\"target\":{\"@type\":\"EntryPoint\",\"urlTemplate\":\"https:\\\/\\\/www.cerclesuissejapon.ch\\\/wordpress\\\/?s={search_term_string}\"},\"query-input\":{\"@type\":\"PropertyValueSpecification\",\"valueRequired\":true,\"valueName\":\"search_term_string\"}}],\"inLanguage\":\"fr-FR\"},{\"@type\":\"Organization\",\"@id\":\"https:\\\/\\\/www.cerclesuissejapon.ch\\\/wordpress\\\/#organization\",\"name\":\"Cercle Suisse-Japon\",\"url\":\"https:\\\/\\\/www.cerclesuissejapon.ch\\\/wordpress\\\/\",\"logo\":{\"@type\":\"ImageObject\",\"inLanguage\":\"fr-FR\",\"@id\":\"https:\\\/\\\/www.cerclesuissejapon.ch\\\/wordpress\\\/#\\\/schema\\\/logo\\\/image\\\/\",\"url\":\"https:\\\/\\\/i0.wp.com\\\/www.cerclesuissejapon.ch\\\/wordpress\\\/wp-content\\\/uploads\\\/2022\\\/02\\\/CSJ-logo-horizontal-hd.png?fit=1920%2C437&ssl=1\",\"contentUrl\":\"https:\\\/\\\/i0.wp.com\\\/www.cerclesuissejapon.ch\\\/wordpress\\\/wp-content\\\/uploads\\\/2022\\\/02\\\/CSJ-logo-horizontal-hd.png?fit=1920%2C437&ssl=1\",\"width\":1920,\"height\":437,\"caption\":\"Cercle Suisse-Japon\"},\"image\":{\"@id\":\"https:\\\/\\\/www.cerclesuissejapon.ch\\\/wordpress\\\/#\\\/schema\\\/logo\\\/image\\\/\"},\"sameAs\":[\"https:\\\/\\\/www.facebook.com\\\/CercleSuisseJaponCSJ\\\/\"]},{\"@type\":\"Person\",\"@id\":\"https:\\\/\\\/www.cerclesuissejapon.ch\\\/wordpress\\\/#\\\/schema\\\/person\\\/935644a5e455670c51148e9960f71ea0\",\"name\":\"Antoine Uldry\",\"image\":{\"@type\":\"ImageObject\",\"inLanguage\":\"fr-FR\",\"@id\":\"https:\\\/\\\/secure.gravatar.com\\\/avatar\\\/c78099824167ea771d74e3d812833f5c7c0cf91cdd9bd92e4491e396e7222ae9?s=96&d=mm&r=g\",\"url\":\"https:\\\/\\\/secure.gravatar.com\\\/avatar\\\/c78099824167ea771d74e3d812833f5c7c0cf91cdd9bd92e4491e396e7222ae9?s=96&d=mm&r=g\",\"contentUrl\":\"https:\\\/\\\/secure.gravatar.com\\\/avatar\\\/c78099824167ea771d74e3d812833f5c7c0cf91cdd9bd92e4491e396e7222ae9?s=96&d=mm&r=g\",\"caption\":\"Antoine Uldry\"},\"url\":\"https:\\\/\\\/www.cerclesuissejapon.ch\\\/wordpress\\\/author\\\/uldrycerclesuissejapon-ch\\\/\"}]}<\/script>\n<!-- \/ Yoast SEO plugin. -->","yoast_head_json":{"title":"15.04.2024 - Avant-premi\u00e8re d'un film prim\u00e9 - Cercle Suisse Japon","robots":{"index":"index","follow":"follow","max-snippet":"max-snippet:-1","max-image-preview":"max-image-preview:large","max-video-preview":"max-video-preview:-1"},"canonical":"https:\/\/www.cerclesuissejapon.ch\/wordpress\/avant-premiere-dun-film-prime\/","og_locale":"fr_FR","og_type":"article","og_title":"15.04.2024 - Avant-premi\u00e8re d'un film prim\u00e9 - Cercle Suisse Japon","og_description":"Manifestation r\u00e9serv\u00e9e aux membre du CSJCh\u00e8res et chers amis du Cercle Suisse Japon, Nous avons une bonne nouvelle \u00e0 vous annoncer ! Cineworx \u00e0 B\u00e2le, un distributeur de films, nous a propos\u00e9 de collaborer pour organiser une avant-premi\u00e8re du film \u00ab Le mal n\u2019existe pas \u00bb, r\u00e9alis\u00e9 par Ryusuke Hamaguchi. Ce film a \u00e9t\u00e9 r\u00e9compens\u00e9 [&hellip;]","og_url":"https:\/\/www.cerclesuissejapon.ch\/wordpress\/avant-premiere-dun-film-prime\/","og_site_name":"Cercle Suisse Japon","article_publisher":"https:\/\/www.facebook.com\/CercleSuisseJaponCSJ\/","article_published_time":"2024-03-27T00:07:13+00:00","article_modified_time":"2024-04-15T11:21:40+00:00","og_image":[{"url":"https:\/\/www.cerclesuissejapon.ch\/wordpress\/wp-content\/uploads\/2023\/08\/Screenshot-2023-08-28-at-18.42.18.png","type":"","width":"","height":""}],"author":"Antoine Uldry","twitter_card":"summary_large_image","twitter_misc":{"\u00c9crit par":"Antoine Uldry","Dur\u00e9e de lecture estim\u00e9e":"3 minutes"},"schema":{"@context":"https:\/\/schema.org","@graph":[{"@type":"Article","@id":"https:\/\/www.cerclesuissejapon.ch\/wordpress\/avant-premiere-dun-film-prime\/#article","isPartOf":{"@id":"https:\/\/www.cerclesuissejapon.ch\/wordpress\/avant-premiere-dun-film-prime\/"},"author":{"name":"Antoine Uldry","@id":"https:\/\/www.cerclesuissejapon.ch\/wordpress\/#\/schema\/person\/935644a5e455670c51148e9960f71ea0"},"headline":"15.04.2024 &#8211; Avant-premi\u00e8re d&rsquo;un film prim\u00e9","datePublished":"2024-03-27T00:07:13+00:00","dateModified":"2024-04-15T11:21:40+00:00","mainEntityOfPage":{"@id":"https:\/\/www.cerclesuissejapon.ch\/wordpress\/avant-premiere-dun-film-prime\/"},"wordCount":824,"publisher":{"@id":"https:\/\/www.cerclesuissejapon.ch\/wordpress\/#organization"},"image":{"@id":"https:\/\/www.cerclesuissejapon.ch\/wordpress\/avant-premiere-dun-film-prime\/#primaryimage"},"thumbnailUrl":"https:\/\/www.cerclesuissejapon.ch\/wordpress\/wp-content\/uploads\/2023\/08\/Screenshot-2023-08-28-at-18.42.18.png","articleSection":["Activit\u00e9s"],"inLanguage":"fr-FR"},{"@type":"WebPage","@id":"https:\/\/www.cerclesuissejapon.ch\/wordpress\/avant-premiere-dun-film-prime\/","url":"https:\/\/www.cerclesuissejapon.ch\/wordpress\/avant-premiere-dun-film-prime\/","name":"15.04.2024 - Avant-premi\u00e8re d'un film prim\u00e9 - Cercle Suisse Japon","isPartOf":{"@id":"https:\/\/www.cerclesuissejapon.ch\/wordpress\/#website"},"primaryImageOfPage":{"@id":"https:\/\/www.cerclesuissejapon.ch\/wordpress\/avant-premiere-dun-film-prime\/#primaryimage"},"image":{"@id":"https:\/\/www.cerclesuissejapon.ch\/wordpress\/avant-premiere-dun-film-prime\/#primaryimage"},"thumbnailUrl":"https:\/\/www.cerclesuissejapon.ch\/wordpress\/wp-content\/uploads\/2023\/08\/Screenshot-2023-08-28-at-18.42.18.png","datePublished":"2024-03-27T00:07:13+00:00","dateModified":"2024-04-15T11:21:40+00:00","breadcrumb":{"@id":"https:\/\/www.cerclesuissejapon.ch\/wordpress\/avant-premiere-dun-film-prime\/#breadcrumb"},"inLanguage":"fr-FR","potentialAction":[{"@type":"ReadAction","target":["https:\/\/www.cerclesuissejapon.ch\/wordpress\/avant-premiere-dun-film-prime\/"]}]},{"@type":"ImageObject","inLanguage":"fr-FR","@id":"https:\/\/www.cerclesuissejapon.ch\/wordpress\/avant-premiere-dun-film-prime\/#primaryimage","url":"https:\/\/i0.wp.com\/www.cerclesuissejapon.ch\/wordpress\/wp-content\/uploads\/2023\/08\/Screenshot-2023-08-28-at-18.42.18.png?fit=442%2C470&ssl=1","contentUrl":"https:\/\/i0.wp.com\/www.cerclesuissejapon.ch\/wordpress\/wp-content\/uploads\/2023\/08\/Screenshot-2023-08-28-at-18.42.18.png?fit=442%2C470&ssl=1","width":442,"height":470},{"@type":"BreadcrumbList","@id":"https:\/\/www.cerclesuissejapon.ch\/wordpress\/avant-premiere-dun-film-prime\/#breadcrumb","itemListElement":[{"@type":"ListItem","position":1,"name":"Accueil","item":"https:\/\/www.cerclesuissejapon.ch\/wordpress\/"},{"@type":"ListItem","position":2,"name":"15.04.2024 &#8211; Avant-premi\u00e8re d&rsquo;un film prim\u00e9"}]},{"@type":"WebSite","@id":"https:\/\/www.cerclesuissejapon.ch\/wordpress\/#website","url":"https:\/\/www.cerclesuissejapon.ch\/wordpress\/","name":"Cercle Suisse Japon","description":"Actualit\u00e9s du Cercle Suisse Japon en Suisse romande","publisher":{"@id":"https:\/\/www.cerclesuissejapon.ch\/wordpress\/#organization"},"potentialAction":[{"@type":"SearchAction","target":{"@type":"EntryPoint","urlTemplate":"https:\/\/www.cerclesuissejapon.ch\/wordpress\/?s={search_term_string}"},"query-input":{"@type":"PropertyValueSpecification","valueRequired":true,"valueName":"search_term_string"}}],"inLanguage":"fr-FR"},{"@type":"Organization","@id":"https:\/\/www.cerclesuissejapon.ch\/wordpress\/#organization","name":"Cercle Suisse-Japon","url":"https:\/\/www.cerclesuissejapon.ch\/wordpress\/","logo":{"@type":"ImageObject","inLanguage":"fr-FR","@id":"https:\/\/www.cerclesuissejapon.ch\/wordpress\/#\/schema\/logo\/image\/","url":"https:\/\/i0.wp.com\/www.cerclesuissejapon.ch\/wordpress\/wp-content\/uploads\/2022\/02\/CSJ-logo-horizontal-hd.png?fit=1920%2C437&ssl=1","contentUrl":"https:\/\/i0.wp.com\/www.cerclesuissejapon.ch\/wordpress\/wp-content\/uploads\/2022\/02\/CSJ-logo-horizontal-hd.png?fit=1920%2C437&ssl=1","width":1920,"height":437,"caption":"Cercle Suisse-Japon"},"image":{"@id":"https:\/\/www.cerclesuissejapon.ch\/wordpress\/#\/schema\/logo\/image\/"},"sameAs":["https:\/\/www.facebook.com\/CercleSuisseJaponCSJ\/"]},{"@type":"Person","@id":"https:\/\/www.cerclesuissejapon.ch\/wordpress\/#\/schema\/person\/935644a5e455670c51148e9960f71ea0","name":"Antoine Uldry","image":{"@type":"ImageObject","inLanguage":"fr-FR","@id":"https:\/\/secure.gravatar.com\/avatar\/c78099824167ea771d74e3d812833f5c7c0cf91cdd9bd92e4491e396e7222ae9?s=96&d=mm&r=g","url":"https:\/\/secure.gravatar.com\/avatar\/c78099824167ea771d74e3d812833f5c7c0cf91cdd9bd92e4491e396e7222ae9?s=96&d=mm&r=g","contentUrl":"https:\/\/secure.gravatar.com\/avatar\/c78099824167ea771d74e3d812833f5c7c0cf91cdd9bd92e4491e396e7222ae9?s=96&d=mm&r=g","caption":"Antoine Uldry"},"url":"https:\/\/www.cerclesuissejapon.ch\/wordpress\/author\/uldrycerclesuissejapon-ch\/"}]}},"jetpack_featured_media_url":"","jetpack_sharing_enabled":true,"_links":{"self":[{"href":"https:\/\/www.cerclesuissejapon.ch\/wordpress\/wp-json\/wp\/v2\/posts\/2024","targetHints":{"allow":["GET"]}}],"collection":[{"href":"https:\/\/www.cerclesuissejapon.ch\/wordpress\/wp-json\/wp\/v2\/posts"}],"about":[{"href":"https:\/\/www.cerclesuissejapon.ch\/wordpress\/wp-json\/wp\/v2\/types\/post"}],"author":[{"embeddable":true,"href":"https:\/\/www.cerclesuissejapon.ch\/wordpress\/wp-json\/wp\/v2\/users\/6"}],"replies":[{"embeddable":true,"href":"https:\/\/www.cerclesuissejapon.ch\/wordpress\/wp-json\/wp\/v2\/comments?post=2024"}],"version-history":[{"count":8,"href":"https:\/\/www.cerclesuissejapon.ch\/wordpress\/wp-json\/wp\/v2\/posts\/2024\/revisions"}],"predecessor-version":[{"id":2042,"href":"https:\/\/www.cerclesuissejapon.ch\/wordpress\/wp-json\/wp\/v2\/posts\/2024\/revisions\/2042"}],"wp:attachment":[{"href":"https:\/\/www.cerclesuissejapon.ch\/wordpress\/wp-json\/wp\/v2\/media?parent=2024"}],"wp:term":[{"taxonomy":"category","embeddable":true,"href":"https:\/\/www.cerclesuissejapon.ch\/wordpress\/wp-json\/wp\/v2\/categories?post=2024"},{"taxonomy":"post_tag","embeddable":true,"href":"https:\/\/www.cerclesuissejapon.ch\/wordpress\/wp-json\/wp\/v2\/tags?post=2024"}],"curies":[{"name":"wp","href":"https:\/\/api.w.org\/{rel}","templated":true}]}}