{"id":2109,"date":"2024-07-15T18:10:35","date_gmt":"2024-07-15T17:10:35","guid":{"rendered":"https:\/\/www.cerclesuissejapon.ch\/wordpress\/?p=2109"},"modified":"2024-09-11T19:46:26","modified_gmt":"2024-09-11T18:46:26","slug":"2024-tsukimi","status":"publish","type":"post","link":"https:\/\/www.cerclesuissejapon.ch\/wordpress\/2024-tsukimi\/","title":{"rendered":"15.09.24 &#8211; Tsukimi"},"content":{"rendered":"<p>[et_pb_section fb_built=\u00a0\u00bb1&Prime; _builder_version=\u00a0\u00bb4.14.7&Prime; custom_padding=\u00a0\u00bb29px|||||\u00a0\u00bb global_colors_info=\u00a0\u00bb{}\u00a0\u00bb][et_pb_row column_structure=\u00a0\u00bb1_3,1_3,1_3&Prime; module_class=\u00a0\u00bbpb_row_0&Prime; _builder_version=\u00a0\u00bb4.14.7&Prime; background_size=\u00a0\u00bbinitial\u00a0\u00bb background_position=\u00a0\u00bbtop_left\u00a0\u00bb background_repeat=\u00a0\u00bbrepeat\u00a0\u00bb custom_padding=\u00a0\u00bb||2px|||\u00a0\u00bb custom_css_main_element=\u00a0\u00bbdisplay: flex;||justify-content: center;||align-items: center;||flex-wrap: wrap;\u00a0\u00bb global_colors_info=\u00a0\u00bb{}\u00a0\u00bb][et_pb_column type=\u00a0\u00bb1_3&Prime; _builder_version=\u00a0\u00bb3.25&Prime; custom_padding=\u00a0\u00bb|||\u00a0\u00bb global_colors_info=\u00a0\u00bb{}\u00a0\u00bb custom_padding__hover=\u00a0\u00bb|||\u00a0\u00bb][et_pb_image src=\u00a0\u00bbhttps:\/\/www.cerclesuissejapon.ch\/wordpress\/wp-content\/uploads\/2024\/07\/AlmaM-logo-scaled.webp\u00a0\u00bb alt=\u00a0\u00bbTasse de th\u00e9 vert japonais\u00a0\u00bb title_text=\u00a0\u00bbAlmaM-logo\u00a0\u00bb _builder_version=\u00a0\u00bb4.14.7&Prime; _module_preset=\u00a0\u00bbdefault\u00a0\u00bb global_colors_info=\u00a0\u00bb{}\u00a0\u00bb][\/et_pb_image][\/et_pb_column][et_pb_column type=\u00a0\u00bb1_3&Prime; _builder_version=\u00a0\u00bb3.25&Prime; custom_padding=\u00a0\u00bb|||\u00a0\u00bb global_colors_info=\u00a0\u00bb{}\u00a0\u00bb custom_padding__hover=\u00a0\u00bb|||\u00a0\u00bb][et_pb_image src=\u00a0\u00bbhttps:\/\/www.cerclesuissejapon.ch\/wordpress\/wp-content\/uploads\/2024\/07\/logo-consulat-160ans-relation-CH-JP.webp\u00a0\u00bb title_text=\u00a0\u00bblogo-consulat-160ans-relation-CH-JP\u00a0\u00bb _builder_version=\u00a0\u00bb4.14.7&Prime; _module_preset=\u00a0\u00bbdefault\u00a0\u00bb global_colors_info=\u00a0\u00bb{}\u00a0\u00bb][\/et_pb_image][\/et_pb_column][et_pb_column type=\u00a0\u00bb1_3&Prime; _builder_version=\u00a0\u00bb3.25&Prime; custom_padding=\u00a0\u00bb|||\u00a0\u00bb global_colors_info=\u00a0\u00bb{}\u00a0\u00bb custom_padding__hover=\u00a0\u00bb|||\u00a0\u00bb][et_pb_image src=\u00a0\u00bbhttps:\/\/www.cerclesuissejapon.ch\/wordpress\/wp-content\/uploads\/2022\/02\/CSJ-logo-horizontal-hd.png\u00a0\u00bb title_text=\u00a0\u00bbCSJ logo horizontal hd\u00a0\u00bb _builder_version=\u00a0\u00bb4.14.7&Prime; _module_preset=\u00a0\u00bbdefault\u00a0\u00bb custom_margin=\u00a0\u00bb||||false|false\u00a0\u00bb global_colors_info=\u00a0\u00bb{}\u00a0\u00bb][\/et_pb_image][\/et_pb_column][\/et_pb_row][et_pb_row column_structure=\u00a0\u00bb1_2,1_2&Prime; _builder_version=\u00a0\u00bb4.14.7&Prime; background_size=\u00a0\u00bbinitial\u00a0\u00bb background_position=\u00a0\u00bbtop_left\u00a0\u00bb background_repeat=\u00a0\u00bbrepeat\u00a0\u00bb global_colors_info=\u00a0\u00bb{}\u00a0\u00bb][et_pb_column type=\u00a0\u00bb1_2&Prime; _builder_version=\u00a0\u00bb3.25&Prime; custom_padding=\u00a0\u00bb|||\u00a0\u00bb global_colors_info=\u00a0\u00bb{}\u00a0\u00bb custom_padding__hover=\u00a0\u00bb|||\u00a0\u00bb][et_pb_image src=\u00a0\u00bbhttps:\/\/www.cerclesuissejapon.ch\/wordpress\/wp-content\/uploads\/2024\/07\/shinya-paint.webp\u00a0\u00bb alt=\u00a0\u00bbTasse de th\u00e9 vert japonais\u00a0\u00bb title_text=\u00a0\u00bbshinya-paint\u00a0\u00bb _builder_version=\u00a0\u00bb4.14.7&Prime; _module_preset=\u00a0\u00bbdefault\u00a0\u00bb global_colors_info=\u00a0\u00bb{}\u00a0\u00bb][\/et_pb_image][\/et_pb_column][et_pb_column type=\u00a0\u00bb1_2&Prime; _builder_version=\u00a0\u00bb3.25&Prime; custom_padding=\u00a0\u00bb|||\u00a0\u00bb global_colors_info=\u00a0\u00bb{}\u00a0\u00bb custom_padding__hover=\u00a0\u00bb|||\u00a0\u00bb][et_pb_image src=\u00a0\u00bbhttps:\/\/www.cerclesuissejapon.ch\/wordpress\/wp-content\/uploads\/2024\/07\/Masako_Ohta-3-c-Nell_Killius.webp\u00a0\u00bb title_text=\u00a0\u00bbMasako_Ohta-3-c-Nell_Killius\u00a0\u00bb _builder_version=\u00a0\u00bb4.14.7&Prime; _module_preset=\u00a0\u00bbdefault\u00a0\u00bb global_colors_info=\u00a0\u00bb{}\u00a0\u00bb][\/et_pb_image][\/et_pb_column][\/et_pb_row][et_pb_row _builder_version=\u00a0\u00bb4.14.7&Prime; _module_preset=\u00a0\u00bbdefault\u00a0\u00bb min_height=\u00a0\u00bb252.4px\u00a0\u00bb custom_padding=\u00a0\u00bb10px||3px|||\u00a0\u00bb global_colors_info=\u00a0\u00bb{}\u00a0\u00bb][et_pb_column type=\u00a0\u00bb4_4&Prime; _builder_version=\u00a0\u00bb4.14.7&Prime; _module_preset=\u00a0\u00bbdefault\u00a0\u00bb global_colors_info=\u00a0\u00bb{}\u00a0\u00bb][et_pb_text _builder_version=\u00a0\u00bb4.14.7&Prime; _module_preset=\u00a0\u00bbdefault\u00a0\u00bb custom_margin=\u00a0\u00bb0px||0px||false|false\u00a0\u00bb custom_padding=\u00a0\u00bb0px||||false|false\u00a0\u00bb global_colors_info=\u00a0\u00bb{}\u00a0\u00bb]<\/p>\n<h1 dir=\"ltr\" style=\"text-align: center; font-size:3em\"><strong>SHINYA YAMADA<\/strong><\/h1>\n<h1 dir=\"ltr\" style=\"text-align: center; font-size:3em\"><strong>MASAKO OHTA<\/strong><\/h1>\n<h1 dir=\"ltr\" style=\"text-align: center; font-size:3em\"><strong>\u00c0 ROMAINM\u00d4TIER<\/strong><\/h1>\n<p>[\/et_pb_text][et_pb_divider show_divider=\u00a0\u00bboff\u00a0\u00bb _builder_version=\u00a0\u00bb4.14.7&Prime; _module_preset=\u00a0\u00bbdefault\u00a0\u00bb global_colors_info=\u00a0\u00bb{}\u00a0\u00bb][\/et_pb_divider][et_pb_text _builder_version=\u00a0\u00bb4.14.7&Prime; _module_preset=\u00a0\u00bbdefault\u00a0\u00bb custom_margin=\u00a0\u00bb0px||0px||false|false\u00a0\u00bb custom_padding=\u00a0\u00bb0px||||false|false\u00a0\u00bb global_colors_info=\u00a0\u00bb{}\u00a0\u00bb]<\/p>\n<table style=\"width: 100%; border-collapse: collapse; padding: 8px; text-align: left; height: 44.7812px; font-size: 1.2em;\">\n<tbody>\n<tr style=\"height: 22.3906px;\">\n<td class=\"highlight\" style=\"width: 21.9512%; height: 22.3906px;\"><span style=\"color: #e05000;\"><strong>Dimanche<\/strong><\/span><\/td>\n<td class=\"highlight\" style=\"width: 6.45624%; height: 22.3906px;\"><span style=\"color: #e05000;\"><strong>14h<\/strong><\/span><\/td>\n<td style=\"width: 71.0187%; height: 22.3906px;\">Vernissage de l&rsquo;exposition de Shinya Yamada<\/td>\n<\/tr>\n<tr style=\"height: 22.3906px;\">\n<td class=\"highlight\" style=\"width: 21.9512%; height: 22.3906px;\"><span style=\"color: #e05000;\"><strong>15 septembre<\/strong><\/span><\/td>\n<td class=\"highlight\" style=\"width: 6.45624%; height: 22.3906px;\"><span style=\"color: #e05000;\"><strong>17h<\/strong><\/span><\/td>\n<td style=\"width: 71.0187%; height: 22.3906px;\">Musique et Ha\u00efku par Masako Ohta<\/td>\n<\/tr>\n<\/tbody>\n<\/table>\n<p>[\/et_pb_text][\/et_pb_column][\/et_pb_row][et_pb_row column_structure=\u00a0\u00bb1_3,1_3,1_3&Prime; _builder_version=\u00a0\u00bb4.14.7&Prime; background_size=\u00a0\u00bbinitial\u00a0\u00bb background_position=\u00a0\u00bbtop_left\u00a0\u00bb background_repeat=\u00a0\u00bbrepeat\u00a0\u00bb global_colors_info=\u00a0\u00bb{}\u00a0\u00bb][et_pb_column type=\u00a0\u00bb1_3&Prime; _builder_version=\u00a0\u00bb3.25&Prime; custom_padding=\u00a0\u00bb|||\u00a0\u00bb global_colors_info=\u00a0\u00bb{}\u00a0\u00bb custom_padding__hover=\u00a0\u00bb|||\u00a0\u00bb][et_pb_text _builder_version=\u00a0\u00bb4.14.7&Prime; _module_preset=\u00a0\u00bbdefault\u00a0\u00bb global_colors_info=\u00a0\u00bb{}\u00a0\u00bb]<\/p>\n<p style=\"text-align: left; color: #e05000; padding-bottom: 0;\">ESPACE <strong>ALMA M<\/strong><\/p>\n<p style=\"text-align: left; padding-bottom: 0;\"><strong>Cour du Clo\u00eetre 22<\/strong><br \/><strong>1323 Romainm\u00f4tier<\/strong><\/p>\n<p style=\"text-align: left; color: #e05000;\"><a href=\"https:\/\/www.almam.ch\/\">AlmaM.ch<\/a><\/p>\n<p style=\"text-align: left;\">info@almam.ch<br \/><strong>isabelle@delatouche.com<\/strong><br \/><strong>+41 79 210 23 92<\/strong><\/p>\n<p>[\/et_pb_text][\/et_pb_column][et_pb_column type=\u00a0\u00bb1_3&Prime; _builder_version=\u00a0\u00bb4.14.7&Prime; _module_preset=\u00a0\u00bbdefault\u00a0\u00bb global_colors_info=\u00a0\u00bb{}\u00a0\u00bb][et_pb_text _builder_version=\u00a0\u00bb4.14.7&Prime; _module_preset=\u00a0\u00bbdefault\u00a0\u00bb global_colors_info=\u00a0\u00bb{}\u00a0\u00bb]<\/p>\n<p style=\"text-align: justify;\"><strong>D\u00e8s 14h<\/strong> l\u2019Association <strong>AlmaM<\/strong> vous invite \u00e0 d\u00e9couvrir l\u2019oeuvre de <strong>Shinya Yamada<\/strong>, ancr\u00e9e dans la philosophie bouddhiste en utilisant des pigments uniques issus de la tradition textile japonaise.<\/p>\n<p>[\/et_pb_text][\/et_pb_column][et_pb_column type=\u00a0\u00bb1_3&Prime; _builder_version=\u00a0\u00bb3.25&Prime; custom_padding=\u00a0\u00bb|||\u00a0\u00bb global_colors_info=\u00a0\u00bb{}\u00a0\u00bb custom_padding__hover=\u00a0\u00bb|||\u00a0\u00bb][et_pb_text _builder_version=\u00a0\u00bb4.14.7&Prime; _module_preset=\u00a0\u00bbdefault\u00a0\u00bb global_colors_info=\u00a0\u00bb{}\u00a0\u00bb]<\/p>\n<p style=\"text-align: justify;\"><strong>A 17h, le Cercle Suisse-Japon <\/strong>propose un concert par la pianiste <strong>Masako Ohta<\/strong> inspir\u00e9e d\u2019ha\u00efku c\u00e9l\u00e9brant la F\u00eate de la Pleine Lune, \u00ab Tsukimi \u00bb.<\/p>\n<p>[\/et_pb_text][\/et_pb_column][\/et_pb_row][et_pb_row _builder_version=\u00a0\u00bb4.14.7&Prime; _module_preset=\u00a0\u00bbdefault\u00a0\u00bb custom_padding=\u00a0\u00bb10px|||||\u00a0\u00bb global_colors_info=\u00a0\u00bb{}\u00a0\u00bb][et_pb_column type=\u00a0\u00bb4_4&Prime; _builder_version=\u00a0\u00bb4.14.7&Prime; _module_preset=\u00a0\u00bbdefault\u00a0\u00bb global_colors_info=\u00a0\u00bb{}\u00a0\u00bb][et_pb_divider show_divider=\u00a0\u00bboff\u00a0\u00bb _builder_version=\u00a0\u00bb4.14.7&Prime; _module_preset=\u00a0\u00bbdefault\u00a0\u00bb background_enable_color=\u00a0\u00bboff\u00a0\u00bb custom_padding=\u00a0\u00bb||0px|||\u00a0\u00bb border_color_all=\u00a0\u00bb#e05000&Prime; border_width_top=\u00a0\u00bb1px\u00a0\u00bb border_color_top=\u00a0\u00bb#e05000&Prime; global_colors_info=\u00a0\u00bb{}\u00a0\u00bb][\/et_pb_divider][et_pb_text _builder_version=\u00a0\u00bb4.14.7&Prime; _module_preset=\u00a0\u00bbdefault\u00a0\u00bb custom_margin=\u00a0\u00bb0px||0px||false|false\u00a0\u00bb custom_padding=\u00a0\u00bb0px||||false|false\u00a0\u00bb global_colors_info=\u00a0\u00bb{}\u00a0\u00bb]<\/p>\n<div dir=\"ltr\" style=\"text-align: justify;\">\n<p>Dans le cadre des 160 ans de relations Suisse-Japon, le Cercle Suisse-Japon est fier de vous inviter \u00e0 la f\u00eate annuelle Tsukimi <span>organis\u00e9e en collaboration avec l\u2019Espace AlmaM<\/span>, qui se tiendra \u00e0 Romainm\u00f4tier. Cet \u00e9v\u00e9nement unique combinera <strong>un vernissage et un concert inspir\u00e9 par les ha\u00efkus de la lune.<\/strong><\/p>\n<\/div>\n<p>[\/et_pb_text][et_pb_divider show_divider=\u00a0\u00bboff\u00a0\u00bb _builder_version=\u00a0\u00bb4.14.7&Prime; _module_preset=\u00a0\u00bbdefault\u00a0\u00bb global_colors_info=\u00a0\u00bb{}\u00a0\u00bb][\/et_pb_divider][et_pb_text _builder_version=\u00a0\u00bb4.14.7&Prime; _module_preset=\u00a0\u00bbdefault\u00a0\u00bb custom_margin=\u00a0\u00bb0px||0px||false|false\u00a0\u00bb custom_padding=\u00a0\u00bb0px||0px||false|false\u00a0\u00bb global_colors_info=\u00a0\u00bb{}\u00a0\u00bb]<\/p>\n<div dir=\"ltr\" style=\"text-align: justify;\">\n<h1 class=\"Corps\" style=\"text-align: justify;\"><strong><span style=\"font-family: 'Arial',sans-serif;\">Pourquoi Romainm\u00f4tier ?<\/span><\/strong><\/h1>\n<\/div>\n<p>[\/et_pb_text][et_pb_text _builder_version=\u00a0\u00bb4.14.7&Prime; _module_preset=\u00a0\u00bbdefault\u00a0\u00bb custom_margin=\u00a0\u00bb0px||0px||false|false\u00a0\u00bb custom_padding=\u00a0\u00bb0px||||false|false\u00a0\u00bb global_colors_info=\u00a0\u00bb{}\u00a0\u00bb]<\/p>\n<div dir=\"ltr\" style=\"text-align: justify;\">\n<p>Romainm\u00f4tier est jumel\u00e9 avec Oguni au Japon (maintenant commune de Nagaoka), connue comme l&rsquo;un des derniers sites de production du \u00ab Washi \u00bb (papier japonais).<\/p>\n<p>En outre, la foire du livre y aura lieu du 13 au 22 septembre.<\/p>\n<\/div>\n<p>[\/et_pb_text][et_pb_divider show_divider=\u00a0\u00bboff\u00a0\u00bb _builder_version=\u00a0\u00bb4.14.7&Prime; _module_preset=\u00a0\u00bbdefault\u00a0\u00bb global_colors_info=\u00a0\u00bb{}\u00a0\u00bb][\/et_pb_divider][et_pb_text _builder_version=\u00a0\u00bb4.14.7&Prime; _module_preset=\u00a0\u00bbdefault\u00a0\u00bb custom_margin=\u00a0\u00bb0px||0px||false|false\u00a0\u00bb custom_padding=\u00a0\u00bb0px||||false|false\u00a0\u00bb global_colors_info=\u00a0\u00bb{}\u00a0\u00bb]<\/p>\n<div dir=\"ltr\" style=\"text-align: justify;\">\n<h1 class=\"Corps\" style=\"text-align: justify;\"><strong><span style=\"font-family: 'Arial',sans-serif;\">Inscription<\/span><\/strong><\/h1>\n<\/div>\n<p>[\/et_pb_text][et_pb_text _builder_version=\u00a0\u00bb4.14.7&Prime; _module_preset=\u00a0\u00bbdefault\u00a0\u00bb custom_margin=\u00a0\u00bb0px||0px||false|false\u00a0\u00bb custom_padding=\u00a0\u00bb0px||||false|false\u00a0\u00bb hover_enabled=\u00a0\u00bb0&Prime; global_colors_info=\u00a0\u00bb{}\u00a0\u00bb sticky_enabled=\u00a0\u00bb0&Prime;]<\/p>\n<div dir=\"ltr\" style=\"text-align: justify;\">\n<h4 style=\"text-align: center;\"><span style=\"color: #993300;\"><strong><\/strong><\/span><\/h4>\n<h4 style=\"text-align: left;\"><span style=\"color: #993300;\"><strong>Nous vous remercions pour votre int\u00e9r\u00eat, mais l&rsquo;\u00e9v\u00e9nement Tsukimi est d\u00e9sormais complet et nous ne prenons plus de nouvelles inscriptions.<\/strong><\/span><\/h4>\n<p><span style=\"color: #993300;\"><strong><\/strong><\/span><\/p>\n<p><strong>Effectuez le paiement<\/strong> (informations de paiement au bas de la page), puis <strong>envoyez un mail de notification de paiement<\/strong> \u00e0 l&rsquo;adresse suivante : <strong><a href=\"mailto:comite@cerclesuissejapon.ch\"><span style=\"font-family: 'Arial',sans-serif;\">comite@cerclesuissejapon.ch<\/span><\/a><\/strong><\/p>\n<p><strong>Nous v\u00e9rifierons et validerons les inscriptions chaque fin de semaine.<br \/>De plus, s<\/strong><strong>i la limite de places pour le concert est atteinte, vous en serez inform\u00e9.<\/strong><\/p>\n<ul><\/ul>\n<\/div>\n<p>[\/et_pb_text][et_pb_text _builder_version=\u00a0\u00bb4.14.7&Prime; _module_preset=\u00a0\u00bbdefault\u00a0\u00bb custom_margin=\u00a0\u00bb0px||0px||false|false\u00a0\u00bb custom_padding=\u00a0\u00bb0px||||false|false\u00a0\u00bb global_colors_info=\u00a0\u00bb{}\u00a0\u00bb]<\/p>\n<h2 dir=\"ltr\" style=\"text-align: justify;\"><strong>Informations pratiques<\/strong><\/h2>\n<p>[\/et_pb_text][et_pb_text _builder_version=\u00a0\u00bb4.14.7&Prime; _module_preset=\u00a0\u00bbdefault\u00a0\u00bb custom_margin=\u00a0\u00bb0px||0px||false|false\u00a0\u00bb custom_padding=\u00a0\u00bb0px||||false|false\u00a0\u00bb global_colors_info=\u00a0\u00bb{}\u00a0\u00bb]<\/p>\n<div dir=\"ltr\" style=\"text-align: justify;\">\n<p><strong>Lieu : Espace AlmaM<\/strong>, Cour du Clo\u00eetre 22, 1323 Romainm\u00f4tier<\/p>\n<p><strong>Date : <\/strong>Dimanche 15 septembre 2024<\/p>\n<p><strong>Horaire :<\/strong><\/p>\n<ul>\n<li style=\"list-style-type: none;\">\n<ul>\n<li>D\u00e8s 14h : Vernissage de l&rsquo;exposition de <strong>Shinya Yamada<\/strong><\/li>\n<li>\u00c0 17h : Concert par la pianiste <strong>Masako Ohta<\/strong><\/li>\n<\/ul>\n<\/li>\n<\/ul>\n<h4><strong>Prix :<\/strong><\/h4>\n<ul>\n<li style=\"list-style-type: none;\">\n<ul>\n<li>Non-membres : <strong>30 CHF<\/strong><\/li>\n<li>Membres CSJ : <strong>20 CHF<\/strong><\/li>\n<\/ul>\n<\/li>\n<\/ul>\n<p><strong><span style=\"font-size: 14px; font-family: Arial, sans-serif; text-align: left;\">Nous vous remercions pour votre compr\u00e9hension et votre int\u00e9r\u00eat pour nos \u00e9v\u00e9nements !<\/span><\/strong><\/p>\n<\/div>\n<p>[\/et_pb_text][et_pb_divider show_divider=\u00a0\u00bboff\u00a0\u00bb _builder_version=\u00a0\u00bb4.14.7&Prime; _module_preset=\u00a0\u00bbdefault\u00a0\u00bb global_colors_info=\u00a0\u00bb{}\u00a0\u00bb][\/et_pb_divider][et_pb_text _builder_version=\u00a0\u00bb4.14.7&Prime; _module_preset=\u00a0\u00bbdefault\u00a0\u00bb custom_margin=\u00a0\u00bb0px||0px||false|false\u00a0\u00bb custom_padding=\u00a0\u00bb0px||||false|false\u00a0\u00bb global_colors_info=\u00a0\u00bb{}\u00a0\u00bb]<\/p>\n<div dir=\"ltr\" style=\"text-align: justify;\">\n<h2><strong>Informations de paiement<\/strong><\/h2>\n<\/div>\n<p>[\/et_pb_text][et_pb_text _builder_version=\u00a0\u00bb4.14.7&Prime; background_size=\u00a0\u00bbinitial\u00a0\u00bb background_position=\u00a0\u00bbtop_left\u00a0\u00bb background_repeat=\u00a0\u00bbrepeat\u00a0\u00bb global_colors_info=\u00a0\u00bb{}\u00a0\u00bb]<\/p>\n<table border=\"1\" style=\"border-collapse: collapse; width: 67.9448%; height: 96px;\">\n<tbody>\n<tr style=\"height: 24px;\">\n<td style=\"width: 49.8175%; height: 24px; text-align: left;\">Cercle Suisse Japon<\/td>\n<td style=\"width: 49.8175%; height: 24px; text-align: left;\">17-721689-5<\/td>\n<\/tr>\n<tr style=\"height: 24px;\">\n<td style=\"width: 49.8175%; height: 24px; text-align: left;\">IBAN<\/td>\n<td style=\"width: 49.8175%; height: 24px; text-align: left;\">CH55 0900 0000 1772 1689 5<\/td>\n<\/tr>\n<tr style=\"height: 24px;\">\n<td style=\"width: 49.8175%; height: 24px; text-align: left;\">BIC<\/td>\n<td style=\"width: 49.8175%; height: 24px; text-align: left;\">POFICHBEXXX<\/td>\n<\/tr>\n<tr style=\"height: 24px;\">\n<td style=\"width: 49.8175%; height: 24px; text-align: left;\">Code postal<\/td>\n<td style=\"width: 49.8175%; height: 24px; text-align: left;\">1164 Buchillon<\/td>\n<\/tr>\n<\/tbody>\n<\/table>\n<figure class=\"wp-block-image size-full is-resized\"><a href=\"https:\/\/i0.wp.com\/www.cerclesuissejapon.ch\/wordpress\/wp-content\/uploads\/2023\/08\/Screenshot-2023-08-28-at-18.42.18.png?ssl=1\"><img data-recalc-dims=\"1\" loading=\"lazy\" decoding=\"async\" width=\"442\" height=\"470\" src=\"https:\/\/i0.wp.com\/www.cerclesuissejapon.ch\/wordpress\/wp-content\/uploads\/2023\/08\/Screenshot-2023-08-28-at-18.42.18.png?resize=442%2C470&#038;ssl=1\" alt=\"\" class=\"wp-image-1870\" style=\"width: 198px; height: auto;\" srcset=\"https:\/\/i0.wp.com\/www.cerclesuissejapon.ch\/wordpress\/wp-content\/uploads\/2023\/08\/Screenshot-2023-08-28-at-18.42.18.png?w=442&amp;ssl=1 442w, https:\/\/i0.wp.com\/www.cerclesuissejapon.ch\/wordpress\/wp-content\/uploads\/2023\/08\/Screenshot-2023-08-28-at-18.42.18.png?resize=282%2C300&amp;ssl=1 282w\" sizes=\"auto, (max-width: 442px) 100vw, 442px\" \/><\/a><\/figure>\n<p><!-- \/divi:image --><\/p>\n<p>[\/et_pb_text][et_pb_text _builder_version=\u00a0\u00bb4.14.7&Prime; _module_preset=\u00a0\u00bbdefault\u00a0\u00bb global_colors_info=\u00a0\u00bb{}\u00a0\u00bb][\/et_pb_text][et_pb_text _builder_version=\u00a0\u00bb4.14.7&Prime; _module_preset=\u00a0\u00bbdefault\u00a0\u00bb custom_padding=\u00a0\u00bb|5px||||\u00a0\u00bb global_colors_info=\u00a0\u00bb{}\u00a0\u00bb]<\/p>\n<p>Pour plus d&rsquo;informations sur notre invit\u00e9e <strong>Masako Ohta<\/strong>, vous pouvez visiter son site : <strong><a href=\"https:\/\/www.masako-ohta.de\/\" target=\"_new\" rel=\"noopener\">Masako Ohta<\/a><\/strong>.<\/p>\n<p>Nous remercions chaleureusement Madame <strong>Isabelle de la Touche<\/strong> de l\u2019<strong>Espace AlmaM <\/strong>(<strong><a href=\"https:\/\/www.almam.ch\/\" target=\"_new\" rel=\"noopener\">AlmaM<\/a><\/strong>) pour la mise \u00e0 disposition de la salle et du piano.\u00a0Le nombre de places au concert est limit\u00e9, nous esp\u00e9rons une bonne participation des membres du CSJ et de leurs amis.<\/p>\n<p>Rejoignez-nous pour c\u00e9l\u00e9brer cet \u00e9v\u00e9nement culturel enrichissant et d\u00e9couvrez l\u2019art et la musique japonaise dans un cadre magnifique. Nous esp\u00e9rons vous y voir nombreux !<\/p>\n<p>[\/et_pb_text][\/et_pb_column][\/et_pb_row][\/et_pb_section]<\/p>\n","protected":false},"excerpt":{"rendered":"<p>SHINYA YAMADA MASAKO OHTA \u00c0 ROMAINM\u00d4TIER Dimanche 14h Vernissage de l&rsquo;exposition de Shinya Yamada 15 septembre 17h Musique et Ha\u00efku par Masako Ohta ESPACE ALMA M Cour du Clo\u00eetre 221323 Romainm\u00f4tier AlmaM.ch info@almam.chisabelle@delatouche.com+41 79 210 23 92D\u00e8s 14h l\u2019Association AlmaM vous invite \u00e0 d\u00e9couvrir l\u2019oeuvre de Shinya Yamada, ancr\u00e9e dans la philosophie bouddhiste en utilisant [&hellip;]<\/p>\n","protected":false},"author":6,"featured_media":0,"comment_status":"closed","ping_status":"open","sticky":false,"template":"","format":"standard","meta":{"_et_pb_use_builder":"on","_et_pb_old_content":"","_et_gb_content_width":"","_crdt_document":"","ngg_post_thumbnail":0,"_jetpack_memberships_contains_paid_content":false,"footnotes":""},"categories":[4],"tags":[],"class_list":["post-2109","post","type-post","status-publish","format-standard","hentry","category-activites"],"yoast_head":"<!-- This site is optimized with the Yoast SEO plugin v27.5 - https:\/\/yoast.com\/product\/yoast-seo-wordpress\/ -->\n<title>15.09.24 - Tsukimi - Cercle Suisse Japon<\/title>\n<meta name=\"robots\" content=\"index, follow, max-snippet:-1, max-image-preview:large, max-video-preview:-1\" \/>\n<link rel=\"canonical\" href=\"https:\/\/www.cerclesuissejapon.ch\/wordpress\/2024-tsukimi\/\" \/>\n<meta property=\"og:locale\" content=\"fr_FR\" \/>\n<meta property=\"og:type\" content=\"article\" \/>\n<meta property=\"og:title\" content=\"15.09.24 - Tsukimi - Cercle Suisse Japon\" \/>\n<meta property=\"og:description\" content=\"SHINYA YAMADA MASAKO OHTA \u00c0 ROMAINM\u00d4TIER Dimanche 14h Vernissage de l&#039;exposition de Shinya Yamada 15 septembre 17h Musique et Ha\u00efku par Masako Ohta ESPACE ALMA M Cour du Clo\u00eetre 221323 Romainm\u00f4tier AlmaM.ch info@almam.chisabelle@delatouche.com+41 79 210 23 92D\u00e8s 14h l\u2019Association AlmaM vous invite \u00e0 d\u00e9couvrir l\u2019oeuvre de Shinya Yamada, ancr\u00e9e dans la philosophie bouddhiste en utilisant [&hellip;]\" \/>\n<meta property=\"og:url\" content=\"https:\/\/www.cerclesuissejapon.ch\/wordpress\/2024-tsukimi\/\" \/>\n<meta property=\"og:site_name\" content=\"Cercle Suisse Japon\" \/>\n<meta property=\"article:publisher\" content=\"https:\/\/www.facebook.com\/CercleSuisseJaponCSJ\/\" \/>\n<meta property=\"article:published_time\" content=\"2024-07-15T17:10:35+00:00\" \/>\n<meta property=\"article:modified_time\" content=\"2024-09-11T18:46:26+00:00\" \/>\n<meta property=\"og:image\" content=\"https:\/\/www.cerclesuissejapon.ch\/wordpress\/wp-content\/uploads\/2023\/08\/Screenshot-2023-08-28-at-18.42.18.png\" \/>\n<meta name=\"author\" content=\"Antoine Uldry\" \/>\n<meta name=\"twitter:card\" content=\"summary_large_image\" \/>\n<meta name=\"twitter:label1\" content=\"\u00c9crit par\" \/>\n\t<meta name=\"twitter:data1\" content=\"Antoine Uldry\" \/>\n<script type=\"application\/ld+json\" class=\"yoast-schema-graph\">{\"@context\":\"https:\\\/\\\/schema.org\",\"@graph\":[{\"@type\":\"Article\",\"@id\":\"https:\\\/\\\/www.cerclesuissejapon.ch\\\/wordpress\\\/2024-tsukimi\\\/#article\",\"isPartOf\":{\"@id\":\"https:\\\/\\\/www.cerclesuissejapon.ch\\\/wordpress\\\/2024-tsukimi\\\/\"},\"author\":{\"name\":\"Antoine Uldry\",\"@id\":\"https:\\\/\\\/www.cerclesuissejapon.ch\\\/wordpress\\\/#\\\/schema\\\/person\\\/935644a5e455670c51148e9960f71ea0\"},\"headline\":\"15.09.24 &#8211; Tsukimi\",\"datePublished\":\"2024-07-15T17:10:35+00:00\",\"dateModified\":\"2024-09-11T18:46:26+00:00\",\"mainEntityOfPage\":{\"@id\":\"https:\\\/\\\/www.cerclesuissejapon.ch\\\/wordpress\\\/2024-tsukimi\\\/\"},\"wordCount\":1352,\"publisher\":{\"@id\":\"https:\\\/\\\/www.cerclesuissejapon.ch\\\/wordpress\\\/#organization\"},\"image\":{\"@id\":\"https:\\\/\\\/www.cerclesuissejapon.ch\\\/wordpress\\\/2024-tsukimi\\\/#primaryimage\"},\"thumbnailUrl\":\"https:\\\/\\\/www.cerclesuissejapon.ch\\\/wordpress\\\/wp-content\\\/uploads\\\/2023\\\/08\\\/Screenshot-2023-08-28-at-18.42.18.png\",\"articleSection\":[\"Activit\u00e9s\"],\"inLanguage\":\"fr-FR\"},{\"@type\":\"WebPage\",\"@id\":\"https:\\\/\\\/www.cerclesuissejapon.ch\\\/wordpress\\\/2024-tsukimi\\\/\",\"url\":\"https:\\\/\\\/www.cerclesuissejapon.ch\\\/wordpress\\\/2024-tsukimi\\\/\",\"name\":\"15.09.24 - Tsukimi - Cercle Suisse Japon\",\"isPartOf\":{\"@id\":\"https:\\\/\\\/www.cerclesuissejapon.ch\\\/wordpress\\\/#website\"},\"primaryImageOfPage\":{\"@id\":\"https:\\\/\\\/www.cerclesuissejapon.ch\\\/wordpress\\\/2024-tsukimi\\\/#primaryimage\"},\"image\":{\"@id\":\"https:\\\/\\\/www.cerclesuissejapon.ch\\\/wordpress\\\/2024-tsukimi\\\/#primaryimage\"},\"thumbnailUrl\":\"https:\\\/\\\/www.cerclesuissejapon.ch\\\/wordpress\\\/wp-content\\\/uploads\\\/2023\\\/08\\\/Screenshot-2023-08-28-at-18.42.18.png\",\"datePublished\":\"2024-07-15T17:10:35+00:00\",\"dateModified\":\"2024-09-11T18:46:26+00:00\",\"breadcrumb\":{\"@id\":\"https:\\\/\\\/www.cerclesuissejapon.ch\\\/wordpress\\\/2024-tsukimi\\\/#breadcrumb\"},\"inLanguage\":\"fr-FR\",\"potentialAction\":[{\"@type\":\"ReadAction\",\"target\":[\"https:\\\/\\\/www.cerclesuissejapon.ch\\\/wordpress\\\/2024-tsukimi\\\/\"]}]},{\"@type\":\"ImageObject\",\"inLanguage\":\"fr-FR\",\"@id\":\"https:\\\/\\\/www.cerclesuissejapon.ch\\\/wordpress\\\/2024-tsukimi\\\/#primaryimage\",\"url\":\"https:\\\/\\\/i0.wp.com\\\/www.cerclesuissejapon.ch\\\/wordpress\\\/wp-content\\\/uploads\\\/2023\\\/08\\\/Screenshot-2023-08-28-at-18.42.18.png?fit=442%2C470&ssl=1\",\"contentUrl\":\"https:\\\/\\\/i0.wp.com\\\/www.cerclesuissejapon.ch\\\/wordpress\\\/wp-content\\\/uploads\\\/2023\\\/08\\\/Screenshot-2023-08-28-at-18.42.18.png?fit=442%2C470&ssl=1\",\"width\":442,\"height\":470},{\"@type\":\"BreadcrumbList\",\"@id\":\"https:\\\/\\\/www.cerclesuissejapon.ch\\\/wordpress\\\/2024-tsukimi\\\/#breadcrumb\",\"itemListElement\":[{\"@type\":\"ListItem\",\"position\":1,\"name\":\"Accueil\",\"item\":\"https:\\\/\\\/www.cerclesuissejapon.ch\\\/wordpress\\\/\"},{\"@type\":\"ListItem\",\"position\":2,\"name\":\"15.09.24 &#8211; Tsukimi\"}]},{\"@type\":\"WebSite\",\"@id\":\"https:\\\/\\\/www.cerclesuissejapon.ch\\\/wordpress\\\/#website\",\"url\":\"https:\\\/\\\/www.cerclesuissejapon.ch\\\/wordpress\\\/\",\"name\":\"Cercle Suisse Japon\",\"description\":\"Actualit\u00e9s du Cercle Suisse Japon en Suisse romande\",\"publisher\":{\"@id\":\"https:\\\/\\\/www.cerclesuissejapon.ch\\\/wordpress\\\/#organization\"},\"potentialAction\":[{\"@type\":\"SearchAction\",\"target\":{\"@type\":\"EntryPoint\",\"urlTemplate\":\"https:\\\/\\\/www.cerclesuissejapon.ch\\\/wordpress\\\/?s={search_term_string}\"},\"query-input\":{\"@type\":\"PropertyValueSpecification\",\"valueRequired\":true,\"valueName\":\"search_term_string\"}}],\"inLanguage\":\"fr-FR\"},{\"@type\":\"Organization\",\"@id\":\"https:\\\/\\\/www.cerclesuissejapon.ch\\\/wordpress\\\/#organization\",\"name\":\"Cercle Suisse-Japon\",\"url\":\"https:\\\/\\\/www.cerclesuissejapon.ch\\\/wordpress\\\/\",\"logo\":{\"@type\":\"ImageObject\",\"inLanguage\":\"fr-FR\",\"@id\":\"https:\\\/\\\/www.cerclesuissejapon.ch\\\/wordpress\\\/#\\\/schema\\\/logo\\\/image\\\/\",\"url\":\"https:\\\/\\\/i0.wp.com\\\/www.cerclesuissejapon.ch\\\/wordpress\\\/wp-content\\\/uploads\\\/2022\\\/02\\\/CSJ-logo-horizontal-hd.png?fit=1920%2C437&ssl=1\",\"contentUrl\":\"https:\\\/\\\/i0.wp.com\\\/www.cerclesuissejapon.ch\\\/wordpress\\\/wp-content\\\/uploads\\\/2022\\\/02\\\/CSJ-logo-horizontal-hd.png?fit=1920%2C437&ssl=1\",\"width\":1920,\"height\":437,\"caption\":\"Cercle Suisse-Japon\"},\"image\":{\"@id\":\"https:\\\/\\\/www.cerclesuissejapon.ch\\\/wordpress\\\/#\\\/schema\\\/logo\\\/image\\\/\"},\"sameAs\":[\"https:\\\/\\\/www.facebook.com\\\/CercleSuisseJaponCSJ\\\/\"]},{\"@type\":\"Person\",\"@id\":\"https:\\\/\\\/www.cerclesuissejapon.ch\\\/wordpress\\\/#\\\/schema\\\/person\\\/935644a5e455670c51148e9960f71ea0\",\"name\":\"Antoine Uldry\",\"image\":{\"@type\":\"ImageObject\",\"inLanguage\":\"fr-FR\",\"@id\":\"https:\\\/\\\/secure.gravatar.com\\\/avatar\\\/c78099824167ea771d74e3d812833f5c7c0cf91cdd9bd92e4491e396e7222ae9?s=96&d=mm&r=g\",\"url\":\"https:\\\/\\\/secure.gravatar.com\\\/avatar\\\/c78099824167ea771d74e3d812833f5c7c0cf91cdd9bd92e4491e396e7222ae9?s=96&d=mm&r=g\",\"contentUrl\":\"https:\\\/\\\/secure.gravatar.com\\\/avatar\\\/c78099824167ea771d74e3d812833f5c7c0cf91cdd9bd92e4491e396e7222ae9?s=96&d=mm&r=g\",\"caption\":\"Antoine Uldry\"},\"url\":\"https:\\\/\\\/www.cerclesuissejapon.ch\\\/wordpress\\\/author\\\/uldrycerclesuissejapon-ch\\\/\"}]}<\/script>\n<!-- \/ Yoast SEO plugin. -->","yoast_head_json":{"title":"15.09.24 - Tsukimi - Cercle Suisse Japon","robots":{"index":"index","follow":"follow","max-snippet":"max-snippet:-1","max-image-preview":"max-image-preview:large","max-video-preview":"max-video-preview:-1"},"canonical":"https:\/\/www.cerclesuissejapon.ch\/wordpress\/2024-tsukimi\/","og_locale":"fr_FR","og_type":"article","og_title":"15.09.24 - Tsukimi - Cercle Suisse Japon","og_description":"SHINYA YAMADA MASAKO OHTA \u00c0 ROMAINM\u00d4TIER Dimanche 14h Vernissage de l'exposition de Shinya Yamada 15 septembre 17h Musique et Ha\u00efku par Masako Ohta ESPACE ALMA M Cour du Clo\u00eetre 221323 Romainm\u00f4tier AlmaM.ch info@almam.chisabelle@delatouche.com+41 79 210 23 92D\u00e8s 14h l\u2019Association AlmaM vous invite \u00e0 d\u00e9couvrir l\u2019oeuvre de Shinya Yamada, ancr\u00e9e dans la philosophie bouddhiste en utilisant [&hellip;]","og_url":"https:\/\/www.cerclesuissejapon.ch\/wordpress\/2024-tsukimi\/","og_site_name":"Cercle Suisse Japon","article_publisher":"https:\/\/www.facebook.com\/CercleSuisseJaponCSJ\/","article_published_time":"2024-07-15T17:10:35+00:00","article_modified_time":"2024-09-11T18:46:26+00:00","og_image":[{"url":"https:\/\/www.cerclesuissejapon.ch\/wordpress\/wp-content\/uploads\/2023\/08\/Screenshot-2023-08-28-at-18.42.18.png","type":"","width":"","height":""}],"author":"Antoine Uldry","twitter_card":"summary_large_image","twitter_misc":{"\u00c9crit par":"Antoine Uldry"},"schema":{"@context":"https:\/\/schema.org","@graph":[{"@type":"Article","@id":"https:\/\/www.cerclesuissejapon.ch\/wordpress\/2024-tsukimi\/#article","isPartOf":{"@id":"https:\/\/www.cerclesuissejapon.ch\/wordpress\/2024-tsukimi\/"},"author":{"name":"Antoine Uldry","@id":"https:\/\/www.cerclesuissejapon.ch\/wordpress\/#\/schema\/person\/935644a5e455670c51148e9960f71ea0"},"headline":"15.09.24 &#8211; Tsukimi","datePublished":"2024-07-15T17:10:35+00:00","dateModified":"2024-09-11T18:46:26+00:00","mainEntityOfPage":{"@id":"https:\/\/www.cerclesuissejapon.ch\/wordpress\/2024-tsukimi\/"},"wordCount":1352,"publisher":{"@id":"https:\/\/www.cerclesuissejapon.ch\/wordpress\/#organization"},"image":{"@id":"https:\/\/www.cerclesuissejapon.ch\/wordpress\/2024-tsukimi\/#primaryimage"},"thumbnailUrl":"https:\/\/www.cerclesuissejapon.ch\/wordpress\/wp-content\/uploads\/2023\/08\/Screenshot-2023-08-28-at-18.42.18.png","articleSection":["Activit\u00e9s"],"inLanguage":"fr-FR"},{"@type":"WebPage","@id":"https:\/\/www.cerclesuissejapon.ch\/wordpress\/2024-tsukimi\/","url":"https:\/\/www.cerclesuissejapon.ch\/wordpress\/2024-tsukimi\/","name":"15.09.24 - Tsukimi - Cercle Suisse Japon","isPartOf":{"@id":"https:\/\/www.cerclesuissejapon.ch\/wordpress\/#website"},"primaryImageOfPage":{"@id":"https:\/\/www.cerclesuissejapon.ch\/wordpress\/2024-tsukimi\/#primaryimage"},"image":{"@id":"https:\/\/www.cerclesuissejapon.ch\/wordpress\/2024-tsukimi\/#primaryimage"},"thumbnailUrl":"https:\/\/www.cerclesuissejapon.ch\/wordpress\/wp-content\/uploads\/2023\/08\/Screenshot-2023-08-28-at-18.42.18.png","datePublished":"2024-07-15T17:10:35+00:00","dateModified":"2024-09-11T18:46:26+00:00","breadcrumb":{"@id":"https:\/\/www.cerclesuissejapon.ch\/wordpress\/2024-tsukimi\/#breadcrumb"},"inLanguage":"fr-FR","potentialAction":[{"@type":"ReadAction","target":["https:\/\/www.cerclesuissejapon.ch\/wordpress\/2024-tsukimi\/"]}]},{"@type":"ImageObject","inLanguage":"fr-FR","@id":"https:\/\/www.cerclesuissejapon.ch\/wordpress\/2024-tsukimi\/#primaryimage","url":"https:\/\/i0.wp.com\/www.cerclesuissejapon.ch\/wordpress\/wp-content\/uploads\/2023\/08\/Screenshot-2023-08-28-at-18.42.18.png?fit=442%2C470&ssl=1","contentUrl":"https:\/\/i0.wp.com\/www.cerclesuissejapon.ch\/wordpress\/wp-content\/uploads\/2023\/08\/Screenshot-2023-08-28-at-18.42.18.png?fit=442%2C470&ssl=1","width":442,"height":470},{"@type":"BreadcrumbList","@id":"https:\/\/www.cerclesuissejapon.ch\/wordpress\/2024-tsukimi\/#breadcrumb","itemListElement":[{"@type":"ListItem","position":1,"name":"Accueil","item":"https:\/\/www.cerclesuissejapon.ch\/wordpress\/"},{"@type":"ListItem","position":2,"name":"15.09.24 &#8211; Tsukimi"}]},{"@type":"WebSite","@id":"https:\/\/www.cerclesuissejapon.ch\/wordpress\/#website","url":"https:\/\/www.cerclesuissejapon.ch\/wordpress\/","name":"Cercle Suisse Japon","description":"Actualit\u00e9s du Cercle Suisse Japon en Suisse romande","publisher":{"@id":"https:\/\/www.cerclesuissejapon.ch\/wordpress\/#organization"},"potentialAction":[{"@type":"SearchAction","target":{"@type":"EntryPoint","urlTemplate":"https:\/\/www.cerclesuissejapon.ch\/wordpress\/?s={search_term_string}"},"query-input":{"@type":"PropertyValueSpecification","valueRequired":true,"valueName":"search_term_string"}}],"inLanguage":"fr-FR"},{"@type":"Organization","@id":"https:\/\/www.cerclesuissejapon.ch\/wordpress\/#organization","name":"Cercle Suisse-Japon","url":"https:\/\/www.cerclesuissejapon.ch\/wordpress\/","logo":{"@type":"ImageObject","inLanguage":"fr-FR","@id":"https:\/\/www.cerclesuissejapon.ch\/wordpress\/#\/schema\/logo\/image\/","url":"https:\/\/i0.wp.com\/www.cerclesuissejapon.ch\/wordpress\/wp-content\/uploads\/2022\/02\/CSJ-logo-horizontal-hd.png?fit=1920%2C437&ssl=1","contentUrl":"https:\/\/i0.wp.com\/www.cerclesuissejapon.ch\/wordpress\/wp-content\/uploads\/2022\/02\/CSJ-logo-horizontal-hd.png?fit=1920%2C437&ssl=1","width":1920,"height":437,"caption":"Cercle Suisse-Japon"},"image":{"@id":"https:\/\/www.cerclesuissejapon.ch\/wordpress\/#\/schema\/logo\/image\/"},"sameAs":["https:\/\/www.facebook.com\/CercleSuisseJaponCSJ\/"]},{"@type":"Person","@id":"https:\/\/www.cerclesuissejapon.ch\/wordpress\/#\/schema\/person\/935644a5e455670c51148e9960f71ea0","name":"Antoine Uldry","image":{"@type":"ImageObject","inLanguage":"fr-FR","@id":"https:\/\/secure.gravatar.com\/avatar\/c78099824167ea771d74e3d812833f5c7c0cf91cdd9bd92e4491e396e7222ae9?s=96&d=mm&r=g","url":"https:\/\/secure.gravatar.com\/avatar\/c78099824167ea771d74e3d812833f5c7c0cf91cdd9bd92e4491e396e7222ae9?s=96&d=mm&r=g","contentUrl":"https:\/\/secure.gravatar.com\/avatar\/c78099824167ea771d74e3d812833f5c7c0cf91cdd9bd92e4491e396e7222ae9?s=96&d=mm&r=g","caption":"Antoine Uldry"},"url":"https:\/\/www.cerclesuissejapon.ch\/wordpress\/author\/uldrycerclesuissejapon-ch\/"}]}},"jetpack_featured_media_url":"","jetpack_sharing_enabled":true,"_links":{"self":[{"href":"https:\/\/www.cerclesuissejapon.ch\/wordpress\/wp-json\/wp\/v2\/posts\/2109","targetHints":{"allow":["GET"]}}],"collection":[{"href":"https:\/\/www.cerclesuissejapon.ch\/wordpress\/wp-json\/wp\/v2\/posts"}],"about":[{"href":"https:\/\/www.cerclesuissejapon.ch\/wordpress\/wp-json\/wp\/v2\/types\/post"}],"author":[{"embeddable":true,"href":"https:\/\/www.cerclesuissejapon.ch\/wordpress\/wp-json\/wp\/v2\/users\/6"}],"replies":[{"embeddable":true,"href":"https:\/\/www.cerclesuissejapon.ch\/wordpress\/wp-json\/wp\/v2\/comments?post=2109"}],"version-history":[{"count":25,"href":"https:\/\/www.cerclesuissejapon.ch\/wordpress\/wp-json\/wp\/v2\/posts\/2109\/revisions"}],"predecessor-version":[{"id":2160,"href":"https:\/\/www.cerclesuissejapon.ch\/wordpress\/wp-json\/wp\/v2\/posts\/2109\/revisions\/2160"}],"wp:attachment":[{"href":"https:\/\/www.cerclesuissejapon.ch\/wordpress\/wp-json\/wp\/v2\/media?parent=2109"}],"wp:term":[{"taxonomy":"category","embeddable":true,"href":"https:\/\/www.cerclesuissejapon.ch\/wordpress\/wp-json\/wp\/v2\/categories?post=2109"},{"taxonomy":"post_tag","embeddable":true,"href":"https:\/\/www.cerclesuissejapon.ch\/wordpress\/wp-json\/wp\/v2\/tags?post=2109"}],"curies":[{"name":"wp","href":"https:\/\/api.w.org\/{rel}","templated":true}]}}